{"id":22185,"date":"2019-05-15T16:21:37","date_gmt":"2019-05-15T16:21:37","guid":{"rendered":"https:\/\/meigal.pt\/?p=22185"},"modified":"2022-04-26T17:18:44","modified_gmt":"2022-04-26T17:18:44","slug":"alheiras-angelina","status":"publish","type":"post","link":"https:\/\/meigal.pt\/fr\/alheiras-angelina\/","title":{"rendered":"Meigal celebra 25 anos de parceira Alheiras Angelina"},"content":{"rendered":"\n<h3 class=\"wp-block-heading\">Meigal celebra 25 anos de parceira Alheiras Angelina<\/h3>\n\n\n\n<ul class=\"wp-block-gallery columns-2 is-cropped wp-block-gallery-1 is-layout-flex wp-block-gallery-is-layout-flex\"><li class=\"blocks-gallery-item\"><figure><img loading=\"lazy\" decoding=\"async\" width=\"1024\" height=\"683\" src=\"https:\/\/meigal.pt\/wp-content\/uploads\/2019\/09\/65838968_705836603162171_8395847141607604224_n-1024x683.jpg\" alt=\"\" data-id=\"22324\" class=\"wp-image-22324\" srcset=\"https:\/\/meigal.pt\/wp-content\/uploads\/2019\/09\/65838968_705836603162171_8395847141607604224_n.jpg 1024w, https:\/\/meigal.pt\/wp-content\/uploads\/2019\/09\/65838968_705836603162171_8395847141607604224_n-300x200.jpg 300w, https:\/\/meigal.pt\/wp-content\/uploads\/2019\/09\/65838968_705836603162171_8395847141607604224_n-768x512.jpg 768w, https:\/\/meigal.pt\/wp-content\/uploads\/2019\/09\/65838968_705836603162171_8395847141607604224_n-81x54.jpg 81w\" sizes=\"auto, (max-width: 1024px) 100vw, 1024px\" \/><\/figure><\/li><li class=\"blocks-gallery-item\"><figure><img loading=\"lazy\" decoding=\"async\" width=\"1024\" height=\"853\" src=\"https:\/\/meigal.pt\/wp-content\/uploads\/2019\/09\/65071446_533978167136198_1647552306603884544_n-1024x853.jpg\" alt=\"\" data-id=\"22325\" data-link=\"https:\/\/meigal.pt\/2019\/05\/15\/maria\/65071446_533978167136198_1647552306603884544_n\/\" class=\"wp-image-22325\" srcset=\"https:\/\/meigal.pt\/wp-content\/uploads\/2019\/09\/65071446_533978167136198_1647552306603884544_n.jpg 1024w, https:\/\/meigal.pt\/wp-content\/uploads\/2019\/09\/65071446_533978167136198_1647552306603884544_n-300x250.jpg 300w, https:\/\/meigal.pt\/wp-content\/uploads\/2019\/09\/65071446_533978167136198_1647552306603884544_n-768x640.jpg 768w, https:\/\/meigal.pt\/wp-content\/uploads\/2019\/09\/65071446_533978167136198_1647552306603884544_n-926x771.jpg 926w, https:\/\/meigal.pt\/wp-content\/uploads\/2019\/09\/65071446_533978167136198_1647552306603884544_n-81x67.jpg 81w\" sizes=\"auto, (max-width: 1024px) 100vw, 1024px\" \/><\/figure><\/li><\/ul>\n\n\n\n<p>A Meigal Alimenta\u00e7\u00e3o n\u00e3o deixou passar o 25\u00ba anivers\u00e1rio da sua parceira Alheiras Angelina, empresa de produ\u00e7\u00e3o de enchidos tradicionais. De forma a celebrar este marco importante do seu fornecedor, a Meigal criou uma distin\u00e7\u00e3o, idealizada especialmente para premiar os seus parceiros pela longevidade, sucesso, e capacidade empresarial.<\/p>\n\n\n\n<p>\u201cDo cora\u00e7\u00e3o de Tr\u00e1s-os-Montes para o mundo\u201d, a empresa Alves &amp; Ribeiro, com a designa\u00e7\u00e3o comercial de Alheiras Angelina, foi fundada em 1994 por Maria Angelina Alves e Jo\u00e3o Alberto Ribeiro, com a produ\u00e7\u00e3o de enchidos de qualidade como principal objetivo e paix\u00e3o. Apesar do cunho pr\u00f3prio na produ\u00e7\u00e3o de alheiras de Mirandela, a empresa fabrica tamb\u00e9m todo o tipo de enchidos regionais como a lingui\u00e7a, o salpic\u00e3o, a chouri\u00e7a, chouri\u00e7a doce e azedos. Disp\u00f5e ainda de uma padaria com fabrico pr\u00f3prio de p\u00e3o de trigo, folar, bola sovada e p\u00e3o de centeio.<\/p>\n\n\n\n<p>Ao longo dos seus 25 anos de hist\u00f3ria, a Alves &amp; Ribeiro realizou in\u00fameros investimentos a n\u00edvel de infraestruturas, frota comercial e equipamentos, de forma a aumentar a qualidade e a produtividade, mas sempre aliando a tradi\u00e7\u00e3o, a heran\u00e7a da regi\u00e3o e o saber fazer pr\u00f3prio transmitido ao longo das gera\u00e7\u00f5es. \u201cSomos herdeiros de um tesouro inestim\u00e1vel, que foi a aprendizagem recebida da nossa m\u00e3e\u201d, afirmam os atuais representantes da empresa.<\/p>\n\n\n\n<p>Vencedora de in\u00fameros pr\u00e9mios pela qualidade dos seus produtos, a Alheiras Angelina \u00e9 parceira comercial da Meigal Alimenta\u00e7\u00e3o, com a qual partilha in\u00fameros valores, desde o compromisso com o cliente, o trabalho de equipa, a qualidade dos seus produtos, o impulso pela melhoria cont\u00ednua e a responsabilidade social.<\/p>\n","protected":false},"excerpt":{"rendered":"<p>Meigal criou uma distin\u00e7\u00e3o, idealizada especialmente para premiar os seus parceiros pela longevidade, sucesso, e capacidade empresarial.<\/p>\n","protected":false},"author":12,"featured_media":22655,"comment_status":"open","ping_status":"open","sticky":false,"template":"","format":"standard","meta":{"footnotes":""},"categories":[110],"tags":[],"class_list":["post-22185","post","type-post","status-publish","format-standard","has-post-thumbnail","hentry","category-testemunhos"],"yoast_head":"<!-- This site is optimized with the Yoast SEO plugin v26.7 - https:\/\/yoast.com\/wordpress\/plugins\/seo\/ -->\n<title>Meigal celebra 25 anos de parceira Alheiras Angelina - Meigal<\/title>\n<meta name=\"robots\" content=\"index, follow, max-snippet:-1, max-image-preview:large, max-video-preview:-1\" \/>\n<link rel=\"canonical\" href=\"https:\/\/meigal.pt\/fr\/alheiras-angelina\/\" \/>\n<meta property=\"og:locale\" content=\"fr_FR\" \/>\n<meta property=\"og:locale:alternate\" content=\"pt_PT\" \/>\n<meta property=\"og:type\" content=\"article\" \/>\n<meta property=\"og:title\" content=\"Meigal celebra 25 anos de parceira Alheiras Angelina - Meigal\" \/>\n<meta property=\"og:description\" content=\"Meigal criou uma distin\u00e7\u00e3o, idealizada especialmente para premiar os seus parceiros pela longevidade, sucesso, e capacidade empresarial.\" \/>\n<meta property=\"og:url\" content=\"https:\/\/meigal.pt\/fr\/alheiras-angelina\/\" \/>\n<meta property=\"og:site_name\" content=\"Meigal\" \/>\n<meta property=\"article:published_time\" content=\"2019-05-15T16:21:37+00:00\" \/>\n<meta property=\"article:modified_time\" content=\"2022-04-26T17:18:44+00:00\" \/>\n<meta property=\"og:image\" content=\"https:\/\/meigal.pt\/wp-content\/uploads\/2019\/05\/WhatsApp-Image-2019-06-28-at-18.21.11_cover.jpeg\" \/>\n\t<meta property=\"og:image:width\" content=\"853\" \/>\n\t<meta property=\"og:image:height\" content=\"853\" \/>\n\t<meta property=\"og:image:type\" content=\"image\/jpeg\" \/>\n<meta name=\"author\" content=\"Meigal\" \/>\n<meta name=\"twitter:card\" content=\"summary_large_image\" \/>\n<meta name=\"twitter:label1\" content=\"\u00c9crit par\" \/>\n\t<meta name=\"twitter:data1\" content=\"Meigal\" \/>\n\t<meta name=\"twitter:label2\" content=\"Dur\u00e9e de lecture estim\u00e9e\" \/>\n\t<meta name=\"twitter:data2\" content=\"2 minutes\" \/>\n<script type=\"application\/ld+json\" class=\"yoast-schema-graph\">{\"@context\":\"https:\/\/schema.org\",\"@graph\":[{\"@type\":\"Article\",\"@id\":\"https:\/\/meigal.pt\/alheiras-angelina\/#article\",\"isPartOf\":{\"@id\":\"https:\/\/meigal.pt\/alheiras-angelina\/\"},\"author\":{\"name\":\"Meigal\",\"@id\":\"https:\/\/meigal.pt\/#\/schema\/person\/426b3777d43be0f759a441da580dcfe4\"},\"headline\":\"Meigal celebra 25 anos de parceira Alheiras Angelina\",\"datePublished\":\"2019-05-15T16:21:37+00:00\",\"dateModified\":\"2022-04-26T17:18:44+00:00\",\"mainEntityOfPage\":{\"@id\":\"https:\/\/meigal.pt\/alheiras-angelina\/\"},\"wordCount\":307,\"commentCount\":0,\"image\":{\"@id\":\"https:\/\/meigal.pt\/alheiras-angelina\/#primaryimage\"},\"thumbnailUrl\":\"https:\/\/meigal.pt\/wp-content\/uploads\/2019\/05\/WhatsApp-Image-2019-06-28-at-18.21.11_cover.jpeg\",\"articleSection\":[\"Testemunhos\"],\"inLanguage\":\"fr-FR\",\"potentialAction\":[{\"@type\":\"CommentAction\",\"name\":\"Comment\",\"target\":[\"https:\/\/meigal.pt\/alheiras-angelina\/#respond\"]}]},{\"@type\":\"WebPage\",\"@id\":\"https:\/\/meigal.pt\/alheiras-angelina\/\",\"url\":\"https:\/\/meigal.pt\/alheiras-angelina\/\",\"name\":\"Meigal celebra 25 anos de parceira Alheiras Angelina - Meigal\",\"isPartOf\":{\"@id\":\"https:\/\/meigal.pt\/#website\"},\"primaryImageOfPage\":{\"@id\":\"https:\/\/meigal.pt\/alheiras-angelina\/#primaryimage\"},\"image\":{\"@id\":\"https:\/\/meigal.pt\/alheiras-angelina\/#primaryimage\"},\"thumbnailUrl\":\"https:\/\/meigal.pt\/wp-content\/uploads\/2019\/05\/WhatsApp-Image-2019-06-28-at-18.21.11_cover.jpeg\",\"datePublished\":\"2019-05-15T16:21:37+00:00\",\"dateModified\":\"2022-04-26T17:18:44+00:00\",\"author\":{\"@id\":\"https:\/\/meigal.pt\/#\/schema\/person\/426b3777d43be0f759a441da580dcfe4\"},\"breadcrumb\":{\"@id\":\"https:\/\/meigal.pt\/alheiras-angelina\/#breadcrumb\"},\"inLanguage\":\"fr-FR\",\"potentialAction\":[{\"@type\":\"ReadAction\",\"target\":[\"https:\/\/meigal.pt\/alheiras-angelina\/\"]}]},{\"@type\":\"ImageObject\",\"inLanguage\":\"fr-FR\",\"@id\":\"https:\/\/meigal.pt\/alheiras-angelina\/#primaryimage\",\"url\":\"https:\/\/meigal.pt\/wp-content\/uploads\/2019\/05\/WhatsApp-Image-2019-06-28-at-18.21.11_cover.jpeg\",\"contentUrl\":\"https:\/\/meigal.pt\/wp-content\/uploads\/2019\/05\/WhatsApp-Image-2019-06-28-at-18.21.11_cover.jpeg\",\"width\":853,\"height\":853},{\"@type\":\"BreadcrumbList\",\"@id\":\"https:\/\/meigal.pt\/alheiras-angelina\/#breadcrumb\",\"itemListElement\":[{\"@type\":\"ListItem\",\"position\":1,\"name\":\"In\u00edcio\",\"item\":\"https:\/\/meigal.pt\/\"},{\"@type\":\"ListItem\",\"position\":2,\"name\":\"Meigal celebra 25 anos de parceira Alheiras Angelina\"}]},{\"@type\":\"WebSite\",\"@id\":\"https:\/\/meigal.pt\/#website\",\"url\":\"https:\/\/meigal.pt\/\",\"name\":\"Meigal\",\"description\":\"Distribuidor de produtos alimentares\",\"potentialAction\":[{\"@type\":\"SearchAction\",\"target\":{\"@type\":\"EntryPoint\",\"urlTemplate\":\"https:\/\/meigal.pt\/?s={search_term_string}\"},\"query-input\":{\"@type\":\"PropertyValueSpecification\",\"valueRequired\":true,\"valueName\":\"search_term_string\"}}],\"inLanguage\":\"fr-FR\"},{\"@type\":\"Person\",\"@id\":\"https:\/\/meigal.pt\/#\/schema\/person\/426b3777d43be0f759a441da580dcfe4\",\"name\":\"Meigal\",\"image\":{\"@type\":\"ImageObject\",\"inLanguage\":\"fr-FR\",\"@id\":\"https:\/\/meigal.pt\/#\/schema\/person\/image\/\",\"url\":\"https:\/\/secure.gravatar.com\/avatar\/52f86c5f514170f4fbe357db6da46197?s=96&d=mm&r=g\",\"contentUrl\":\"https:\/\/secure.gravatar.com\/avatar\/52f86c5f514170f4fbe357db6da46197?s=96&d=mm&r=g\",\"caption\":\"Meigal\"},\"url\":\"https:\/\/meigal.pt\/fr\/author\/meigal\/\"}]}<\/script>\n<!-- \/ Yoast SEO plugin. -->","yoast_head_json":{"title":"Meigal celebra 25 anos de parceira Alheiras Angelina - Meigal","robots":{"index":"index","follow":"follow","max-snippet":"max-snippet:-1","max-image-preview":"max-image-preview:large","max-video-preview":"max-video-preview:-1"},"canonical":"https:\/\/meigal.pt\/fr\/alheiras-angelina\/","og_locale":"fr_FR","og_type":"article","og_title":"Meigal celebra 25 anos de parceira Alheiras Angelina - Meigal","og_description":"Meigal criou uma distin\u00e7\u00e3o, idealizada especialmente para premiar os seus parceiros pela longevidade, sucesso, e capacidade empresarial.","og_url":"https:\/\/meigal.pt\/fr\/alheiras-angelina\/","og_site_name":"Meigal","article_published_time":"2019-05-15T16:21:37+00:00","article_modified_time":"2022-04-26T17:18:44+00:00","og_image":[{"width":853,"height":853,"url":"https:\/\/meigal.pt\/wp-content\/uploads\/2019\/05\/WhatsApp-Image-2019-06-28-at-18.21.11_cover.jpeg","type":"image\/jpeg"}],"author":"Meigal","twitter_card":"summary_large_image","twitter_misc":{"\u00c9crit par":"Meigal","Dur\u00e9e de lecture estim\u00e9e":"2 minutes"},"schema":{"@context":"https:\/\/schema.org","@graph":[{"@type":"Article","@id":"https:\/\/meigal.pt\/alheiras-angelina\/#article","isPartOf":{"@id":"https:\/\/meigal.pt\/alheiras-angelina\/"},"author":{"name":"Meigal","@id":"https:\/\/meigal.pt\/#\/schema\/person\/426b3777d43be0f759a441da580dcfe4"},"headline":"Meigal celebra 25 anos de parceira Alheiras Angelina","datePublished":"2019-05-15T16:21:37+00:00","dateModified":"2022-04-26T17:18:44+00:00","mainEntityOfPage":{"@id":"https:\/\/meigal.pt\/alheiras-angelina\/"},"wordCount":307,"commentCount":0,"image":{"@id":"https:\/\/meigal.pt\/alheiras-angelina\/#primaryimage"},"thumbnailUrl":"https:\/\/meigal.pt\/wp-content\/uploads\/2019\/05\/WhatsApp-Image-2019-06-28-at-18.21.11_cover.jpeg","articleSection":["Testemunhos"],"inLanguage":"fr-FR","potentialAction":[{"@type":"CommentAction","name":"Comment","target":["https:\/\/meigal.pt\/alheiras-angelina\/#respond"]}]},{"@type":"WebPage","@id":"https:\/\/meigal.pt\/alheiras-angelina\/","url":"https:\/\/meigal.pt\/alheiras-angelina\/","name":"Meigal celebra 25 anos de parceira Alheiras Angelina - Meigal","isPartOf":{"@id":"https:\/\/meigal.pt\/#website"},"primaryImageOfPage":{"@id":"https:\/\/meigal.pt\/alheiras-angelina\/#primaryimage"},"image":{"@id":"https:\/\/meigal.pt\/alheiras-angelina\/#primaryimage"},"thumbnailUrl":"https:\/\/meigal.pt\/wp-content\/uploads\/2019\/05\/WhatsApp-Image-2019-06-28-at-18.21.11_cover.jpeg","datePublished":"2019-05-15T16:21:37+00:00","dateModified":"2022-04-26T17:18:44+00:00","author":{"@id":"https:\/\/meigal.pt\/#\/schema\/person\/426b3777d43be0f759a441da580dcfe4"},"breadcrumb":{"@id":"https:\/\/meigal.pt\/alheiras-angelina\/#breadcrumb"},"inLanguage":"fr-FR","potentialAction":[{"@type":"ReadAction","target":["https:\/\/meigal.pt\/alheiras-angelina\/"]}]},{"@type":"ImageObject","inLanguage":"fr-FR","@id":"https:\/\/meigal.pt\/alheiras-angelina\/#primaryimage","url":"https:\/\/meigal.pt\/wp-content\/uploads\/2019\/05\/WhatsApp-Image-2019-06-28-at-18.21.11_cover.jpeg","contentUrl":"https:\/\/meigal.pt\/wp-content\/uploads\/2019\/05\/WhatsApp-Image-2019-06-28-at-18.21.11_cover.jpeg","width":853,"height":853},{"@type":"BreadcrumbList","@id":"https:\/\/meigal.pt\/alheiras-angelina\/#breadcrumb","itemListElement":[{"@type":"ListItem","position":1,"name":"In\u00edcio","item":"https:\/\/meigal.pt\/"},{"@type":"ListItem","position":2,"name":"Meigal celebra 25 anos de parceira Alheiras Angelina"}]},{"@type":"WebSite","@id":"https:\/\/meigal.pt\/#website","url":"https:\/\/meigal.pt\/","name":"Meigal","description":"Distribuidor de produtos alimentares","potentialAction":[{"@type":"SearchAction","target":{"@type":"EntryPoint","urlTemplate":"https:\/\/meigal.pt\/?s={search_term_string}"},"query-input":{"@type":"PropertyValueSpecification","valueRequired":true,"valueName":"search_term_string"}}],"inLanguage":"fr-FR"},{"@type":"Person","@id":"https:\/\/meigal.pt\/#\/schema\/person\/426b3777d43be0f759a441da580dcfe4","name":"Meigal","image":{"@type":"ImageObject","inLanguage":"fr-FR","@id":"https:\/\/meigal.pt\/#\/schema\/person\/image\/","url":"https:\/\/secure.gravatar.com\/avatar\/52f86c5f514170f4fbe357db6da46197?s=96&d=mm&r=g","contentUrl":"https:\/\/secure.gravatar.com\/avatar\/52f86c5f514170f4fbe357db6da46197?s=96&d=mm&r=g","caption":"Meigal"},"url":"https:\/\/meigal.pt\/fr\/author\/meigal\/"}]}},"_links":{"self":[{"href":"https:\/\/meigal.pt\/fr\/wp-json\/wp\/v2\/posts\/22185","targetHints":{"allow":["GET"]}}],"collection":[{"href":"https:\/\/meigal.pt\/fr\/wp-json\/wp\/v2\/posts"}],"about":[{"href":"https:\/\/meigal.pt\/fr\/wp-json\/wp\/v2\/types\/post"}],"author":[{"embeddable":true,"href":"https:\/\/meigal.pt\/fr\/wp-json\/wp\/v2\/users\/12"}],"replies":[{"embeddable":true,"href":"https:\/\/meigal.pt\/fr\/wp-json\/wp\/v2\/comments?post=22185"}],"version-history":[{"count":4,"href":"https:\/\/meigal.pt\/fr\/wp-json\/wp\/v2\/posts\/22185\/revisions"}],"predecessor-version":[{"id":22681,"href":"https:\/\/meigal.pt\/fr\/wp-json\/wp\/v2\/posts\/22185\/revisions\/22681"}],"wp:featuredmedia":[{"embeddable":true,"href":"https:\/\/meigal.pt\/fr\/wp-json\/wp\/v2\/media\/22655"}],"wp:attachment":[{"href":"https:\/\/meigal.pt\/fr\/wp-json\/wp\/v2\/media?parent=22185"}],"wp:term":[{"taxonomy":"category","embeddable":true,"href":"https:\/\/meigal.pt\/fr\/wp-json\/wp\/v2\/categories?post=22185"},{"taxonomy":"post_tag","embeddable":true,"href":"https:\/\/meigal.pt\/fr\/wp-json\/wp\/v2\/tags?post=22185"}],"curies":[{"name":"wp","href":"https:\/\/api.w.org\/{rel}","templated":true}]}}