{"id":22403,"date":"2019-10-14T09:56:21","date_gmt":"2019-10-14T09:56:21","guid":{"rendered":"https:\/\/meigal.pt\/?p=22403"},"modified":"2022-04-26T17:17:44","modified_gmt":"2022-04-26T17:17:44","slug":"novo-fiambre-de-frango-campogrill-sem-gluten-e-sem-lactose","status":"publish","type":"post","link":"https:\/\/meigal.pt\/fr\/novo-fiambre-de-frango-campogrill-sem-gluten-e-sem-lactose\/","title":{"rendered":"Novo fiambre de frango Campogrill sem glut\u00e9n e sem lactose"},"content":{"rendered":"\n<h2 class=\"wp-block-heading\">Novo fiambre de frango Campogrill sem glut\u00e9n e sem lactose<\/h2>\n\n\n\n<p>A Campogrill acaba de lan\u00e7ar o novo fiambre de frango isento de gl\u00faten e lactose, uma resposta saud\u00e1vel \u00e0s novas exig\u00eancias do consumidor cada vez mais preocupado com a sa\u00fade e o bem-estar.<\/p>\n\n\n\n<p>Atualmente, existe um crescimento da procura de produtos sem gl\u00faten ou lactose, seja por consumidores que necessitam de produtos alternativos por motivos de sa\u00fade ou por consumidores que, sem o mesmo grau de necessidade, consideram que estes produtos contribuem para um estilo de vida mais saud\u00e1vel.<\/p>\n\n\n\n<figure class=\"wp-block-image\"><img loading=\"lazy\" decoding=\"async\" width=\"1024\" height=\"909\" src=\"https:\/\/meigal.pt\/wp-content\/uploads\/2019\/10\/post-facebook-fiambre-frango-80-1024x909.jpg\" alt=\"\" class=\"wp-image-22404\" srcset=\"https:\/\/meigal.pt\/wp-content\/uploads\/2019\/10\/post-facebook-fiambre-frango-80-1024x909.jpg 1024w, https:\/\/meigal.pt\/wp-content\/uploads\/2019\/10\/post-facebook-fiambre-frango-80-300x266.jpg 300w, https:\/\/meigal.pt\/wp-content\/uploads\/2019\/10\/post-facebook-fiambre-frango-80-768x682.jpg 768w, https:\/\/meigal.pt\/wp-content\/uploads\/2019\/10\/post-facebook-fiambre-frango-80-868x771.jpg 868w, https:\/\/meigal.pt\/wp-content\/uploads\/2019\/10\/post-facebook-fiambre-frango-80-81x72.jpg 81w, https:\/\/meigal.pt\/wp-content\/uploads\/2019\/10\/post-facebook-fiambre-frango-80-600x533.jpg 600w\" sizes=\"auto, (max-width: 1024px) 100vw, 1024px\" \/><\/figure>\n\n\n\n<p>Tamb\u00e9m o frango, tal como o peru, \u00e9 uma das carnes mais saud\u00e1veis, recomendada pelos nutricionistas por ser uma carne mais magra, com baixo teor de gordura e sal, e uma boa fonte de prote\u00edna. Segundo a Deco Proteste, o fiambre de frango \u00e9 o que tem menor teor de gordura (1,4%) comparativamente com o fiambre de porco (3%).<\/p>\n\n\n\n<p>A Meigal procura dar sempre resposta \u00e0s novas tend\u00eancias do mercado, distribuindo, assim, o novo fiambre de frango da Campogrill sem gl\u00faten e sem lactose \u2013 uma alternativa saborosa para quem procura uma dieta e estilo de vida mais saud\u00e1veis.<\/p>\n","protected":false},"excerpt":{"rendered":"<p>Novo fiambre de frango Campogrill sem glut\u00e9n e sem lactose A Campogrill acaba de lan\u00e7ar o novo fiambre de frango isento de gl\u00faten e lactose, uma resposta saud\u00e1vel \u00e0s novas exig\u00eancias do consumidor cada vez mais preocupado com a sa\u00fade e o bem-estar. Atualmente, existe um crescimento da procura de produtos sem gl\u00faten ou lactose, seja por consumidores que necessitam de produtos alternativos por motivos de sa\u00fade ou por consumidores que, sem o mesmo grau de necessidade, consideram que estes produtos contribuem para um estilo de vida mais saud\u00e1vel. Tamb\u00e9m o frango, tal como o peru, \u00e9 uma das carnes mais saud\u00e1veis, recomendada pelos nutricionistas por ser uma carne mais magra, com baixo teor de gordura e sal, e uma boa fonte de prote\u00edna. Segundo a Deco Proteste, o fiambre de frango \u00e9 o que tem menor teor de gordura (1,4%) comparativamente com o fiambre de porco (3%). A Meigal procura dar sempre resposta \u00e0s novas tend\u00eancias do mercado, distribuindo, assim, o novo fiambre de frango da Campogrill sem gl\u00faten e sem lactose \u2013 uma alternativa saborosa para quem procura uma dieta e estilo de vida mais saud\u00e1veis.<\/p>\n","protected":false},"author":12,"featured_media":22404,"comment_status":"open","ping_status":"open","sticky":false,"template":"","format":"standard","meta":{"footnotes":""},"categories":[17],"tags":[],"class_list":["post-22403","post","type-post","status-publish","format-standard","has-post-thumbnail","hentry","category-artigo"],"yoast_head":"<!-- This site is optimized with the Yoast SEO plugin v26.7 - https:\/\/yoast.com\/wordpress\/plugins\/seo\/ -->\n<title>Novo fiambre de frango Campogrill sem glut\u00e9n e sem lactose - Meigal<\/title>\n<meta name=\"robots\" content=\"index, follow, max-snippet:-1, max-image-preview:large, max-video-preview:-1\" \/>\n<link rel=\"canonical\" href=\"https:\/\/meigal.pt\/fr\/novo-fiambre-de-frango-campogrill-sem-gluten-e-sem-lactose\/\" \/>\n<meta property=\"og:locale\" content=\"fr_FR\" \/>\n<meta property=\"og:locale:alternate\" content=\"pt_PT\" \/>\n<meta property=\"og:type\" content=\"article\" \/>\n<meta property=\"og:title\" content=\"Novo fiambre de frango Campogrill sem glut\u00e9n e sem lactose - Meigal\" \/>\n<meta property=\"og:description\" content=\"Novo fiambre de frango Campogrill sem glut\u00e9n e sem lactose A Campogrill acaba de lan\u00e7ar o novo fiambre de frango isento de gl\u00faten e lactose, uma resposta saud\u00e1vel \u00e0s novas exig\u00eancias do consumidor cada vez mais preocupado com a sa\u00fade e o bem-estar. Atualmente, existe um crescimento da procura de produtos sem gl\u00faten ou lactose, seja por consumidores que necessitam de produtos alternativos por motivos de sa\u00fade ou por consumidores que, sem o mesmo grau de necessidade, consideram que estes produtos contribuem para um estilo de vida mais saud\u00e1vel. Tamb\u00e9m o frango, tal como o peru, \u00e9 uma das carnes mais saud\u00e1veis, recomendada pelos nutricionistas por ser uma carne mais magra, com baixo teor de gordura e sal, e uma boa fonte de prote\u00edna. Segundo a Deco Proteste, o fiambre de frango \u00e9 o que tem menor teor de gordura (1,4%) comparativamente com o fiambre de porco (3%). A Meigal procura dar sempre resposta \u00e0s novas tend\u00eancias do mercado, distribuindo, assim, o novo fiambre de frango da Campogrill sem gl\u00faten e sem lactose \u2013 uma alternativa saborosa para quem procura uma dieta e estilo de vida mais saud\u00e1veis.\" \/>\n<meta property=\"og:url\" content=\"https:\/\/meigal.pt\/fr\/novo-fiambre-de-frango-campogrill-sem-gluten-e-sem-lactose\/\" \/>\n<meta property=\"og:site_name\" content=\"Meigal\" \/>\n<meta property=\"article:published_time\" content=\"2019-10-14T09:56:21+00:00\" \/>\n<meta property=\"article:modified_time\" content=\"2022-04-26T17:17:44+00:00\" \/>\n<meta property=\"og:image\" content=\"https:\/\/meigal.pt\/wp-content\/uploads\/2019\/10\/post-facebook-fiambre-frango-80.jpg\" \/>\n\t<meta property=\"og:image:width\" content=\"2751\" \/>\n\t<meta property=\"og:image:height\" content=\"2443\" \/>\n\t<meta property=\"og:image:type\" content=\"image\/jpeg\" \/>\n<meta name=\"author\" content=\"Meigal\" \/>\n<meta name=\"twitter:card\" content=\"summary_large_image\" \/>\n<meta name=\"twitter:label1\" content=\"\u00c9crit par\" \/>\n\t<meta name=\"twitter:data1\" content=\"Meigal\" \/>\n\t<meta name=\"twitter:label2\" content=\"Dur\u00e9e de lecture estim\u00e9e\" \/>\n\t<meta name=\"twitter:data2\" content=\"1 minute\" \/>\n<script type=\"application\/ld+json\" class=\"yoast-schema-graph\">{\"@context\":\"https:\/\/schema.org\",\"@graph\":[{\"@type\":\"Article\",\"@id\":\"https:\/\/meigal.pt\/fr\/novo-fiambre-de-frango-campogrill-sem-gluten-e-sem-lactose\/#article\",\"isPartOf\":{\"@id\":\"https:\/\/meigal.pt\/fr\/novo-fiambre-de-frango-campogrill-sem-gluten-e-sem-lactose\/\"},\"author\":{\"name\":\"Meigal\",\"@id\":\"https:\/\/meigal.pt\/#\/schema\/person\/426b3777d43be0f759a441da580dcfe4\"},\"headline\":\"Novo fiambre de frango Campogrill sem glut\u00e9n e sem lactose\",\"datePublished\":\"2019-10-14T09:56:21+00:00\",\"dateModified\":\"2022-04-26T17:17:44+00:00\",\"mainEntityOfPage\":{\"@id\":\"https:\/\/meigal.pt\/fr\/novo-fiambre-de-frango-campogrill-sem-gluten-e-sem-lactose\/\"},\"wordCount\":209,\"commentCount\":0,\"image\":{\"@id\":\"https:\/\/meigal.pt\/fr\/novo-fiambre-de-frango-campogrill-sem-gluten-e-sem-lactose\/#primaryimage\"},\"thumbnailUrl\":\"https:\/\/meigal.pt\/wp-content\/uploads\/2019\/10\/post-facebook-fiambre-frango-80.jpg\",\"articleSection\":[\"Artigo\"],\"inLanguage\":\"fr-FR\",\"potentialAction\":[{\"@type\":\"CommentAction\",\"name\":\"Comment\",\"target\":[\"https:\/\/meigal.pt\/fr\/novo-fiambre-de-frango-campogrill-sem-gluten-e-sem-lactose\/#respond\"]}]},{\"@type\":\"WebPage\",\"@id\":\"https:\/\/meigal.pt\/fr\/novo-fiambre-de-frango-campogrill-sem-gluten-e-sem-lactose\/\",\"url\":\"https:\/\/meigal.pt\/fr\/novo-fiambre-de-frango-campogrill-sem-gluten-e-sem-lactose\/\",\"name\":\"Novo fiambre de frango Campogrill sem glut\u00e9n e sem lactose - Meigal\",\"isPartOf\":{\"@id\":\"https:\/\/meigal.pt\/#website\"},\"primaryImageOfPage\":{\"@id\":\"https:\/\/meigal.pt\/fr\/novo-fiambre-de-frango-campogrill-sem-gluten-e-sem-lactose\/#primaryimage\"},\"image\":{\"@id\":\"https:\/\/meigal.pt\/fr\/novo-fiambre-de-frango-campogrill-sem-gluten-e-sem-lactose\/#primaryimage\"},\"thumbnailUrl\":\"https:\/\/meigal.pt\/wp-content\/uploads\/2019\/10\/post-facebook-fiambre-frango-80.jpg\",\"datePublished\":\"2019-10-14T09:56:21+00:00\",\"dateModified\":\"2022-04-26T17:17:44+00:00\",\"author\":{\"@id\":\"https:\/\/meigal.pt\/#\/schema\/person\/426b3777d43be0f759a441da580dcfe4\"},\"breadcrumb\":{\"@id\":\"https:\/\/meigal.pt\/fr\/novo-fiambre-de-frango-campogrill-sem-gluten-e-sem-lactose\/#breadcrumb\"},\"inLanguage\":\"fr-FR\",\"potentialAction\":[{\"@type\":\"ReadAction\",\"target\":[\"https:\/\/meigal.pt\/fr\/novo-fiambre-de-frango-campogrill-sem-gluten-e-sem-lactose\/\"]}]},{\"@type\":\"ImageObject\",\"inLanguage\":\"fr-FR\",\"@id\":\"https:\/\/meigal.pt\/fr\/novo-fiambre-de-frango-campogrill-sem-gluten-e-sem-lactose\/#primaryimage\",\"url\":\"https:\/\/meigal.pt\/wp-content\/uploads\/2019\/10\/post-facebook-fiambre-frango-80.jpg\",\"contentUrl\":\"https:\/\/meigal.pt\/wp-content\/uploads\/2019\/10\/post-facebook-fiambre-frango-80.jpg\",\"width\":2751,\"height\":2443},{\"@type\":\"BreadcrumbList\",\"@id\":\"https:\/\/meigal.pt\/fr\/novo-fiambre-de-frango-campogrill-sem-gluten-e-sem-lactose\/#breadcrumb\",\"itemListElement\":[{\"@type\":\"ListItem\",\"position\":1,\"name\":\"In\u00edcio\",\"item\":\"https:\/\/meigal.pt\/\"},{\"@type\":\"ListItem\",\"position\":2,\"name\":\"Novo fiambre de frango Campogrill sem glut\u00e9n e sem lactose\"}]},{\"@type\":\"WebSite\",\"@id\":\"https:\/\/meigal.pt\/#website\",\"url\":\"https:\/\/meigal.pt\/\",\"name\":\"Meigal\",\"description\":\"Distribuidor de produtos alimentares\",\"potentialAction\":[{\"@type\":\"SearchAction\",\"target\":{\"@type\":\"EntryPoint\",\"urlTemplate\":\"https:\/\/meigal.pt\/?s={search_term_string}\"},\"query-input\":{\"@type\":\"PropertyValueSpecification\",\"valueRequired\":true,\"valueName\":\"search_term_string\"}}],\"inLanguage\":\"fr-FR\"},{\"@type\":\"Person\",\"@id\":\"https:\/\/meigal.pt\/#\/schema\/person\/426b3777d43be0f759a441da580dcfe4\",\"name\":\"Meigal\",\"image\":{\"@type\":\"ImageObject\",\"inLanguage\":\"fr-FR\",\"@id\":\"https:\/\/meigal.pt\/#\/schema\/person\/image\/\",\"url\":\"https:\/\/secure.gravatar.com\/avatar\/52f86c5f514170f4fbe357db6da46197?s=96&d=mm&r=g\",\"contentUrl\":\"https:\/\/secure.gravatar.com\/avatar\/52f86c5f514170f4fbe357db6da46197?s=96&d=mm&r=g\",\"caption\":\"Meigal\"},\"url\":\"https:\/\/meigal.pt\/fr\/author\/meigal\/\"}]}<\/script>\n<!-- \/ Yoast SEO plugin. -->","yoast_head_json":{"title":"Novo fiambre de frango Campogrill sem glut\u00e9n e sem lactose - Meigal","robots":{"index":"index","follow":"follow","max-snippet":"max-snippet:-1","max-image-preview":"max-image-preview:large","max-video-preview":"max-video-preview:-1"},"canonical":"https:\/\/meigal.pt\/fr\/novo-fiambre-de-frango-campogrill-sem-gluten-e-sem-lactose\/","og_locale":"fr_FR","og_type":"article","og_title":"Novo fiambre de frango Campogrill sem glut\u00e9n e sem lactose - Meigal","og_description":"Novo fiambre de frango Campogrill sem glut\u00e9n e sem lactose A Campogrill acaba de lan\u00e7ar o novo fiambre de frango isento de gl\u00faten e lactose, uma resposta saud\u00e1vel \u00e0s novas exig\u00eancias do consumidor cada vez mais preocupado com a sa\u00fade e o bem-estar. Atualmente, existe um crescimento da procura de produtos sem gl\u00faten ou lactose, seja por consumidores que necessitam de produtos alternativos por motivos de sa\u00fade ou por consumidores que, sem o mesmo grau de necessidade, consideram que estes produtos contribuem para um estilo de vida mais saud\u00e1vel. Tamb\u00e9m o frango, tal como o peru, \u00e9 uma das carnes mais saud\u00e1veis, recomendada pelos nutricionistas por ser uma carne mais magra, com baixo teor de gordura e sal, e uma boa fonte de prote\u00edna. Segundo a Deco Proteste, o fiambre de frango \u00e9 o que tem menor teor de gordura (1,4%) comparativamente com o fiambre de porco (3%). A Meigal procura dar sempre resposta \u00e0s novas tend\u00eancias do mercado, distribuindo, assim, o novo fiambre de frango da Campogrill sem gl\u00faten e sem lactose \u2013 uma alternativa saborosa para quem procura uma dieta e estilo de vida mais saud\u00e1veis.","og_url":"https:\/\/meigal.pt\/fr\/novo-fiambre-de-frango-campogrill-sem-gluten-e-sem-lactose\/","og_site_name":"Meigal","article_published_time":"2019-10-14T09:56:21+00:00","article_modified_time":"2022-04-26T17:17:44+00:00","og_image":[{"width":2751,"height":2443,"url":"https:\/\/meigal.pt\/wp-content\/uploads\/2019\/10\/post-facebook-fiambre-frango-80.jpg","type":"image\/jpeg"}],"author":"Meigal","twitter_card":"summary_large_image","twitter_misc":{"\u00c9crit par":"Meigal","Dur\u00e9e de lecture estim\u00e9e":"1 minute"},"schema":{"@context":"https:\/\/schema.org","@graph":[{"@type":"Article","@id":"https:\/\/meigal.pt\/fr\/novo-fiambre-de-frango-campogrill-sem-gluten-e-sem-lactose\/#article","isPartOf":{"@id":"https:\/\/meigal.pt\/fr\/novo-fiambre-de-frango-campogrill-sem-gluten-e-sem-lactose\/"},"author":{"name":"Meigal","@id":"https:\/\/meigal.pt\/#\/schema\/person\/426b3777d43be0f759a441da580dcfe4"},"headline":"Novo fiambre de frango Campogrill sem glut\u00e9n e sem lactose","datePublished":"2019-10-14T09:56:21+00:00","dateModified":"2022-04-26T17:17:44+00:00","mainEntityOfPage":{"@id":"https:\/\/meigal.pt\/fr\/novo-fiambre-de-frango-campogrill-sem-gluten-e-sem-lactose\/"},"wordCount":209,"commentCount":0,"image":{"@id":"https:\/\/meigal.pt\/fr\/novo-fiambre-de-frango-campogrill-sem-gluten-e-sem-lactose\/#primaryimage"},"thumbnailUrl":"https:\/\/meigal.pt\/wp-content\/uploads\/2019\/10\/post-facebook-fiambre-frango-80.jpg","articleSection":["Artigo"],"inLanguage":"fr-FR","potentialAction":[{"@type":"CommentAction","name":"Comment","target":["https:\/\/meigal.pt\/fr\/novo-fiambre-de-frango-campogrill-sem-gluten-e-sem-lactose\/#respond"]}]},{"@type":"WebPage","@id":"https:\/\/meigal.pt\/fr\/novo-fiambre-de-frango-campogrill-sem-gluten-e-sem-lactose\/","url":"https:\/\/meigal.pt\/fr\/novo-fiambre-de-frango-campogrill-sem-gluten-e-sem-lactose\/","name":"Novo fiambre de frango Campogrill sem glut\u00e9n e sem lactose - Meigal","isPartOf":{"@id":"https:\/\/meigal.pt\/#website"},"primaryImageOfPage":{"@id":"https:\/\/meigal.pt\/fr\/novo-fiambre-de-frango-campogrill-sem-gluten-e-sem-lactose\/#primaryimage"},"image":{"@id":"https:\/\/meigal.pt\/fr\/novo-fiambre-de-frango-campogrill-sem-gluten-e-sem-lactose\/#primaryimage"},"thumbnailUrl":"https:\/\/meigal.pt\/wp-content\/uploads\/2019\/10\/post-facebook-fiambre-frango-80.jpg","datePublished":"2019-10-14T09:56:21+00:00","dateModified":"2022-04-26T17:17:44+00:00","author":{"@id":"https:\/\/meigal.pt\/#\/schema\/person\/426b3777d43be0f759a441da580dcfe4"},"breadcrumb":{"@id":"https:\/\/meigal.pt\/fr\/novo-fiambre-de-frango-campogrill-sem-gluten-e-sem-lactose\/#breadcrumb"},"inLanguage":"fr-FR","potentialAction":[{"@type":"ReadAction","target":["https:\/\/meigal.pt\/fr\/novo-fiambre-de-frango-campogrill-sem-gluten-e-sem-lactose\/"]}]},{"@type":"ImageObject","inLanguage":"fr-FR","@id":"https:\/\/meigal.pt\/fr\/novo-fiambre-de-frango-campogrill-sem-gluten-e-sem-lactose\/#primaryimage","url":"https:\/\/meigal.pt\/wp-content\/uploads\/2019\/10\/post-facebook-fiambre-frango-80.jpg","contentUrl":"https:\/\/meigal.pt\/wp-content\/uploads\/2019\/10\/post-facebook-fiambre-frango-80.jpg","width":2751,"height":2443},{"@type":"BreadcrumbList","@id":"https:\/\/meigal.pt\/fr\/novo-fiambre-de-frango-campogrill-sem-gluten-e-sem-lactose\/#breadcrumb","itemListElement":[{"@type":"ListItem","position":1,"name":"In\u00edcio","item":"https:\/\/meigal.pt\/"},{"@type":"ListItem","position":2,"name":"Novo fiambre de frango Campogrill sem glut\u00e9n e sem lactose"}]},{"@type":"WebSite","@id":"https:\/\/meigal.pt\/#website","url":"https:\/\/meigal.pt\/","name":"Meigal","description":"Distribuidor de produtos alimentares","potentialAction":[{"@type":"SearchAction","target":{"@type":"EntryPoint","urlTemplate":"https:\/\/meigal.pt\/?s={search_term_string}"},"query-input":{"@type":"PropertyValueSpecification","valueRequired":true,"valueName":"search_term_string"}}],"inLanguage":"fr-FR"},{"@type":"Person","@id":"https:\/\/meigal.pt\/#\/schema\/person\/426b3777d43be0f759a441da580dcfe4","name":"Meigal","image":{"@type":"ImageObject","inLanguage":"fr-FR","@id":"https:\/\/meigal.pt\/#\/schema\/person\/image\/","url":"https:\/\/secure.gravatar.com\/avatar\/52f86c5f514170f4fbe357db6da46197?s=96&d=mm&r=g","contentUrl":"https:\/\/secure.gravatar.com\/avatar\/52f86c5f514170f4fbe357db6da46197?s=96&d=mm&r=g","caption":"Meigal"},"url":"https:\/\/meigal.pt\/fr\/author\/meigal\/"}]}},"_links":{"self":[{"href":"https:\/\/meigal.pt\/fr\/wp-json\/wp\/v2\/posts\/22403","targetHints":{"allow":["GET"]}}],"collection":[{"href":"https:\/\/meigal.pt\/fr\/wp-json\/wp\/v2\/posts"}],"about":[{"href":"https:\/\/meigal.pt\/fr\/wp-json\/wp\/v2\/types\/post"}],"author":[{"embeddable":true,"href":"https:\/\/meigal.pt\/fr\/wp-json\/wp\/v2\/users\/12"}],"replies":[{"embeddable":true,"href":"https:\/\/meigal.pt\/fr\/wp-json\/wp\/v2\/comments?post=22403"}],"version-history":[{"count":3,"href":"https:\/\/meigal.pt\/fr\/wp-json\/wp\/v2\/posts\/22403\/revisions"}],"predecessor-version":[{"id":22780,"href":"https:\/\/meigal.pt\/fr\/wp-json\/wp\/v2\/posts\/22403\/revisions\/22780"}],"wp:featuredmedia":[{"embeddable":true,"href":"https:\/\/meigal.pt\/fr\/wp-json\/wp\/v2\/media\/22404"}],"wp:attachment":[{"href":"https:\/\/meigal.pt\/fr\/wp-json\/wp\/v2\/media?parent=22403"}],"wp:term":[{"taxonomy":"category","embeddable":true,"href":"https:\/\/meigal.pt\/fr\/wp-json\/wp\/v2\/categories?post=22403"},{"taxonomy":"post_tag","embeddable":true,"href":"https:\/\/meigal.pt\/fr\/wp-json\/wp\/v2\/tags?post=22403"}],"curies":[{"name":"wp","href":"https:\/\/api.w.org\/{rel}","templated":true}]}}