{"id":24902,"date":"2021-08-04T15:53:36","date_gmt":"2021-08-04T15:53:36","guid":{"rendered":"https:\/\/meigal.pt\/?p=24902"},"modified":"2022-08-02T09:23:10","modified_gmt":"2022-08-02T09:23:10","slug":"a-meigal-lanca-campanha-de-apoio-ao-setor-da-restauracao","status":"publish","type":"post","link":"https:\/\/meigal.pt\/fr\/a-meigal-lanca-campanha-de-apoio-ao-setor-da-restauracao\/","title":{"rendered":"Meigal lan\u00e7a campanha de apoio ao setor da restaura\u00e7\u00e3o"},"content":{"rendered":"\n<h2 class=\"wp-block-heading\">Meigal lan\u00e7a campanha de apoio ao setor da restaura\u00e7\u00e3o<\/h2>\n\n\n\n<p>O setor da restaura\u00e7\u00e3o enfrenta uma fase de incerteza e a Meigal,\ncomo forma de apoio aos seus clientes, lan\u00e7ou uma iniciativa de Ver\u00e3o que\npretende atrair mais portugueses para os Restaurantes e Churrasqueiras de todo\no pa\u00eds, aumentando o\nconsumo de forma generalizada no setor da restaura\u00e7\u00e3o. <\/p>\n\n\n\n<p>Com este objetivo, aliou-se \u00e0 Lusiaves, uma das principais marcas de produtos alimentares\nque distribui, no lan\u00e7amento da iniciativa \u201c<em>Ver\u00e3o\nFrang\u00e1stico<\/em>\u201d que est\u00e1 a percorrer as praias de norte a sul de Portugal e onde\ntodos os participantes poder\u00e3o ganhar pr\u00e9mios, vales de desconto e participar\nnas atividades desenvolvidas pela marca.<\/p>\n\n\n<div class=\"wp-block-image\">\n<figure class=\"aligncenter is-resized\"><img loading=\"lazy\" decoding=\"async\" src=\"https:\/\/meigal.pt\/wp-content\/uploads\/2021\/08\/unnamed.png\" alt=\"Vale Ver\u00e3o Frang\u00e1stico\" class=\"wp-image-24903\" width=\"480\" height=\"480\" srcset=\"https:\/\/meigal.pt\/wp-content\/uploads\/2021\/08\/unnamed.png 960w, https:\/\/meigal.pt\/wp-content\/uploads\/2021\/08\/unnamed-150x150.png 150w, https:\/\/meigal.pt\/wp-content\/uploads\/2021\/08\/unnamed-300x300.png 300w, https:\/\/meigal.pt\/wp-content\/uploads\/2021\/08\/unnamed-768x768.png 768w, https:\/\/meigal.pt\/wp-content\/uploads\/2021\/08\/unnamed-771x771.png 771w, https:\/\/meigal.pt\/wp-content\/uploads\/2021\/08\/unnamed-81x81.png 81w, https:\/\/meigal.pt\/wp-content\/uploads\/2021\/08\/unnamed-600x600.png 600w, https:\/\/meigal.pt\/wp-content\/uploads\/2021\/08\/unnamed-100x100.png 100w\" sizes=\"auto, (max-width: 480px) 100vw, 480px\" \/><\/figure><\/div>\n\n\n<p>Todos os\nrestaurantes do pa\u00eds, que vendam frango de churrasco, tanto no litoral como no\ninterior, podem fazer parte desta grande iniciativa de ver\u00e3o e a Meigal ir\u00e1\ndistribuir materiais de visibilidade pelos pontos de venda, para melhor\nidentifica\u00e7\u00e3o dos espa\u00e7os aderentes, far\u00e1 a promo\u00e7\u00e3o dos seus clientes atrav\u00e9s\ndas suas redes sociais e no spot <em>\u201cVer\u00e3o\nFrang\u00e1stico\u201d<\/em> existir\u00e1 um espa\u00e7o dedicado \u00e0 promo\u00e7\u00e3o e divulga\u00e7\u00e3o de todos\nos restaurantes aderentes. <\/p>\n\n\n\n<p>Se ainda n\u00e3o \u00e9 cliente Meigal, mas quer fazer parte da iniciativa entre em contato connosco, para saber todas as condi\u00e7\u00f5es da campanha, atrav\u00e9s da nossa equipa comercial, <a href=\"tel:210100101\">linha Meigal<\/a>, <a href=\"https:\/\/www.facebook.com\/meigalalimentacao\/\">redes sociais<\/a>.<\/p>\n","protected":false},"excerpt":{"rendered":"<p>Meigal lan\u00e7a campanha de apoio ao setor da restaura\u00e7\u00e3o O setor da restaura\u00e7\u00e3o enfrenta uma fase de incerteza e a Meigal, como forma de apoio aos seus clientes, lan\u00e7ou uma iniciativa de Ver\u00e3o que pretende atrair mais portugueses para os Restaurantes e Churrasqueiras de todo o pa\u00eds, aumentando o consumo de forma generalizada no setor da restaura\u00e7\u00e3o. Com este objetivo, aliou-se \u00e0 Lusiaves, uma das principais marcas de produtos alimentares que distribui, no lan\u00e7amento da iniciativa \u201cVer\u00e3o Frang\u00e1stico\u201d que est\u00e1 a percorrer as praias de norte a sul de Portugal e onde todos os participantes poder\u00e3o ganhar pr\u00e9mios, vales de desconto e participar nas atividades desenvolvidas pela marca. Todos os restaurantes do pa\u00eds, que vendam frango de churrasco, tanto no litoral como no interior, podem fazer parte desta grande iniciativa de ver\u00e3o e a Meigal ir\u00e1 distribuir materiais de visibilidade pelos pontos de venda, para melhor identifica\u00e7\u00e3o dos espa\u00e7os aderentes, far\u00e1 a promo\u00e7\u00e3o dos seus clientes atrav\u00e9s das suas redes sociais e no spot \u201cVer\u00e3o Frang\u00e1stico\u201d existir\u00e1 um espa\u00e7o dedicado \u00e0 promo\u00e7\u00e3o e divulga\u00e7\u00e3o de todos os restaurantes aderentes. Se ainda n\u00e3o \u00e9 cliente Meigal, mas quer fazer parte da iniciativa entre em contato connosco, para saber todas as condi\u00e7\u00f5es&#8230;<\/p>\n","protected":false},"author":12,"featured_media":24904,"comment_status":"open","ping_status":"open","sticky":false,"template":"","format":"standard","meta":{"footnotes":""},"categories":[17],"tags":[],"class_list":["post-24902","post","type-post","status-publish","format-standard","has-post-thumbnail","hentry","category-artigo"],"yoast_head":"<!-- This site is optimized with the Yoast SEO plugin v26.7 - https:\/\/yoast.com\/wordpress\/plugins\/seo\/ -->\n<title>Meigal lan\u00e7a campanha de apoio ao setor da restaura\u00e7\u00e3o<\/title>\n<meta name=\"description\" content=\"Meigal apoia clientes e lan\u00e7a uma iniciativa de Ver\u00e3o que pretende atrair mais portugueses para a restaura\u00e7\u00e3o.\" \/>\n<meta name=\"robots\" content=\"index, follow, max-snippet:-1, max-image-preview:large, max-video-preview:-1\" \/>\n<link rel=\"canonical\" href=\"https:\/\/meigal.pt\/fr\/a-meigal-lanca-campanha-de-apoio-ao-setor-da-restauracao\/\" \/>\n<meta property=\"og:locale\" content=\"fr_FR\" \/>\n<meta property=\"og:locale:alternate\" content=\"pt_PT\" \/>\n<meta property=\"og:type\" content=\"article\" \/>\n<meta property=\"og:title\" content=\"Meigal lan\u00e7a campanha de apoio ao setor da restaura\u00e7\u00e3o\" \/>\n<meta property=\"og:description\" content=\"Meigal apoia clientes e lan\u00e7a uma iniciativa de Ver\u00e3o que pretende atrair mais portugueses para a restaura\u00e7\u00e3o.\" \/>\n<meta property=\"og:url\" content=\"https:\/\/meigal.pt\/fr\/a-meigal-lanca-campanha-de-apoio-ao-setor-da-restauracao\/\" \/>\n<meta property=\"og:site_name\" content=\"Meigal\" \/>\n<meta property=\"article:published_time\" content=\"2021-08-04T15:53:36+00:00\" \/>\n<meta property=\"article:modified_time\" content=\"2022-08-02T09:23:10+00:00\" \/>\n<meta property=\"og:image\" content=\"https:\/\/meigal.pt\/wp-content\/uploads\/2021\/08\/r5a7694_optimized-e1628092739202.jpg\" \/>\n\t<meta property=\"og:image:width\" content=\"1281\" \/>\n\t<meta property=\"og:image:height\" content=\"1281\" \/>\n\t<meta property=\"og:image:type\" content=\"image\/jpeg\" \/>\n<meta name=\"author\" content=\"Meigal\" \/>\n<meta name=\"twitter:card\" content=\"summary_large_image\" \/>\n<meta name=\"twitter:label1\" content=\"\u00c9crit par\" \/>\n\t<meta name=\"twitter:data1\" content=\"Meigal\" \/>\n\t<meta name=\"twitter:label2\" content=\"Dur\u00e9e de lecture estim\u00e9e\" \/>\n\t<meta name=\"twitter:data2\" content=\"2 minutes\" \/>\n<script type=\"application\/ld+json\" class=\"yoast-schema-graph\">{\"@context\":\"https:\/\/schema.org\",\"@graph\":[{\"@type\":\"Article\",\"@id\":\"https:\/\/meigal.pt\/a-meigal-lanca-campanha-de-apoio-ao-setor-da-restauracao\/#article\",\"isPartOf\":{\"@id\":\"https:\/\/meigal.pt\/a-meigal-lanca-campanha-de-apoio-ao-setor-da-restauracao\/\"},\"author\":{\"name\":\"Meigal\",\"@id\":\"https:\/\/meigal.pt\/#\/schema\/person\/426b3777d43be0f759a441da580dcfe4\"},\"headline\":\"Meigal lan\u00e7a campanha de apoio ao setor da restaura\u00e7\u00e3o\",\"datePublished\":\"2021-08-04T15:53:36+00:00\",\"dateModified\":\"2022-08-02T09:23:10+00:00\",\"mainEntityOfPage\":{\"@id\":\"https:\/\/meigal.pt\/a-meigal-lanca-campanha-de-apoio-ao-setor-da-restauracao\/\"},\"wordCount\":247,\"commentCount\":0,\"image\":{\"@id\":\"https:\/\/meigal.pt\/a-meigal-lanca-campanha-de-apoio-ao-setor-da-restauracao\/#primaryimage\"},\"thumbnailUrl\":\"https:\/\/meigal.pt\/wp-content\/uploads\/2021\/08\/r5a7694_optimized-e1628092739202.jpg\",\"articleSection\":[\"Artigo\"],\"inLanguage\":\"fr-FR\",\"potentialAction\":[{\"@type\":\"CommentAction\",\"name\":\"Comment\",\"target\":[\"https:\/\/meigal.pt\/a-meigal-lanca-campanha-de-apoio-ao-setor-da-restauracao\/#respond\"]}]},{\"@type\":\"WebPage\",\"@id\":\"https:\/\/meigal.pt\/a-meigal-lanca-campanha-de-apoio-ao-setor-da-restauracao\/\",\"url\":\"https:\/\/meigal.pt\/a-meigal-lanca-campanha-de-apoio-ao-setor-da-restauracao\/\",\"name\":\"Meigal lan\u00e7a campanha de apoio ao setor da restaura\u00e7\u00e3o\",\"isPartOf\":{\"@id\":\"https:\/\/meigal.pt\/#website\"},\"primaryImageOfPage\":{\"@id\":\"https:\/\/meigal.pt\/a-meigal-lanca-campanha-de-apoio-ao-setor-da-restauracao\/#primaryimage\"},\"image\":{\"@id\":\"https:\/\/meigal.pt\/a-meigal-lanca-campanha-de-apoio-ao-setor-da-restauracao\/#primaryimage\"},\"thumbnailUrl\":\"https:\/\/meigal.pt\/wp-content\/uploads\/2021\/08\/r5a7694_optimized-e1628092739202.jpg\",\"datePublished\":\"2021-08-04T15:53:36+00:00\",\"dateModified\":\"2022-08-02T09:23:10+00:00\",\"author\":{\"@id\":\"https:\/\/meigal.pt\/#\/schema\/person\/426b3777d43be0f759a441da580dcfe4\"},\"description\":\"Meigal apoia clientes e lan\u00e7a uma iniciativa de Ver\u00e3o que pretende atrair mais portugueses para a restaura\u00e7\u00e3o.\",\"breadcrumb\":{\"@id\":\"https:\/\/meigal.pt\/a-meigal-lanca-campanha-de-apoio-ao-setor-da-restauracao\/#breadcrumb\"},\"inLanguage\":\"fr-FR\",\"potentialAction\":[{\"@type\":\"ReadAction\",\"target\":[\"https:\/\/meigal.pt\/a-meigal-lanca-campanha-de-apoio-ao-setor-da-restauracao\/\"]}]},{\"@type\":\"ImageObject\",\"inLanguage\":\"fr-FR\",\"@id\":\"https:\/\/meigal.pt\/a-meigal-lanca-campanha-de-apoio-ao-setor-da-restauracao\/#primaryimage\",\"url\":\"https:\/\/meigal.pt\/wp-content\/uploads\/2021\/08\/r5a7694_optimized-e1628092739202.jpg\",\"contentUrl\":\"https:\/\/meigal.pt\/wp-content\/uploads\/2021\/08\/r5a7694_optimized-e1628092739202.jpg\",\"width\":1281,\"height\":1281},{\"@type\":\"BreadcrumbList\",\"@id\":\"https:\/\/meigal.pt\/a-meigal-lanca-campanha-de-apoio-ao-setor-da-restauracao\/#breadcrumb\",\"itemListElement\":[{\"@type\":\"ListItem\",\"position\":1,\"name\":\"In\u00edcio\",\"item\":\"https:\/\/meigal.pt\/\"},{\"@type\":\"ListItem\",\"position\":2,\"name\":\"Meigal lan\u00e7a campanha de apoio ao setor da restaura\u00e7\u00e3o\"}]},{\"@type\":\"WebSite\",\"@id\":\"https:\/\/meigal.pt\/#website\",\"url\":\"https:\/\/meigal.pt\/\",\"name\":\"Meigal\",\"description\":\"Distribuidor de produtos alimentares\",\"potentialAction\":[{\"@type\":\"SearchAction\",\"target\":{\"@type\":\"EntryPoint\",\"urlTemplate\":\"https:\/\/meigal.pt\/?s={search_term_string}\"},\"query-input\":{\"@type\":\"PropertyValueSpecification\",\"valueRequired\":true,\"valueName\":\"search_term_string\"}}],\"inLanguage\":\"fr-FR\"},{\"@type\":\"Person\",\"@id\":\"https:\/\/meigal.pt\/#\/schema\/person\/426b3777d43be0f759a441da580dcfe4\",\"name\":\"Meigal\",\"image\":{\"@type\":\"ImageObject\",\"inLanguage\":\"fr-FR\",\"@id\":\"https:\/\/meigal.pt\/#\/schema\/person\/image\/\",\"url\":\"https:\/\/secure.gravatar.com\/avatar\/52f86c5f514170f4fbe357db6da46197?s=96&d=mm&r=g\",\"contentUrl\":\"https:\/\/secure.gravatar.com\/avatar\/52f86c5f514170f4fbe357db6da46197?s=96&d=mm&r=g\",\"caption\":\"Meigal\"},\"url\":\"https:\/\/meigal.pt\/fr\/author\/meigal\/\"}]}<\/script>\n<!-- \/ Yoast SEO plugin. -->","yoast_head_json":{"title":"Meigal lan\u00e7a campanha de apoio ao setor da restaura\u00e7\u00e3o","description":"Meigal apoia clientes e lan\u00e7a uma iniciativa de Ver\u00e3o que pretende atrair mais portugueses para a restaura\u00e7\u00e3o.","robots":{"index":"index","follow":"follow","max-snippet":"max-snippet:-1","max-image-preview":"max-image-preview:large","max-video-preview":"max-video-preview:-1"},"canonical":"https:\/\/meigal.pt\/fr\/a-meigal-lanca-campanha-de-apoio-ao-setor-da-restauracao\/","og_locale":"fr_FR","og_type":"article","og_title":"[:pt]Meigal lan\u00e7a campanha de apoio ao setor da restaura\u00e7\u00e3o[:] - Meigal","og_description":"Meigal apoia clientes e lan\u00e7a uma iniciativa de Ver\u00e3o que pretende atrair mais portugueses para a restaura\u00e7\u00e3o.","og_url":"https:\/\/meigal.pt\/fr\/a-meigal-lanca-campanha-de-apoio-ao-setor-da-restauracao\/","og_site_name":"Meigal","article_published_time":"2021-08-04T15:53:36+00:00","article_modified_time":"2022-08-02T09:23:10+00:00","og_image":[{"width":1281,"height":1281,"url":"https:\/\/meigal.pt\/wp-content\/uploads\/2021\/08\/r5a7694_optimized-e1628092739202.jpg","type":"image\/jpeg"}],"author":"Meigal","twitter_card":"summary_large_image","twitter_misc":{"\u00c9crit par":"Meigal","Dur\u00e9e de lecture estim\u00e9e":"2 minutes"},"schema":{"@context":"https:\/\/schema.org","@graph":[{"@type":"Article","@id":"https:\/\/meigal.pt\/a-meigal-lanca-campanha-de-apoio-ao-setor-da-restauracao\/#article","isPartOf":{"@id":"https:\/\/meigal.pt\/a-meigal-lanca-campanha-de-apoio-ao-setor-da-restauracao\/"},"author":{"name":"Meigal","@id":"https:\/\/meigal.pt\/#\/schema\/person\/426b3777d43be0f759a441da580dcfe4"},"headline":"Meigal lan\u00e7a campanha de apoio ao setor da restaura\u00e7\u00e3o","datePublished":"2021-08-04T15:53:36+00:00","dateModified":"2022-08-02T09:23:10+00:00","mainEntityOfPage":{"@id":"https:\/\/meigal.pt\/a-meigal-lanca-campanha-de-apoio-ao-setor-da-restauracao\/"},"wordCount":247,"commentCount":0,"image":{"@id":"https:\/\/meigal.pt\/a-meigal-lanca-campanha-de-apoio-ao-setor-da-restauracao\/#primaryimage"},"thumbnailUrl":"https:\/\/meigal.pt\/wp-content\/uploads\/2021\/08\/r5a7694_optimized-e1628092739202.jpg","articleSection":["Artigo"],"inLanguage":"fr-FR","potentialAction":[{"@type":"CommentAction","name":"Comment","target":["https:\/\/meigal.pt\/a-meigal-lanca-campanha-de-apoio-ao-setor-da-restauracao\/#respond"]}]},{"@type":"WebPage","@id":"https:\/\/meigal.pt\/a-meigal-lanca-campanha-de-apoio-ao-setor-da-restauracao\/","url":"https:\/\/meigal.pt\/a-meigal-lanca-campanha-de-apoio-ao-setor-da-restauracao\/","name":"Meigal lan\u00e7a campanha de apoio ao setor da restaura\u00e7\u00e3o","isPartOf":{"@id":"https:\/\/meigal.pt\/#website"},"primaryImageOfPage":{"@id":"https:\/\/meigal.pt\/a-meigal-lanca-campanha-de-apoio-ao-setor-da-restauracao\/#primaryimage"},"image":{"@id":"https:\/\/meigal.pt\/a-meigal-lanca-campanha-de-apoio-ao-setor-da-restauracao\/#primaryimage"},"thumbnailUrl":"https:\/\/meigal.pt\/wp-content\/uploads\/2021\/08\/r5a7694_optimized-e1628092739202.jpg","datePublished":"2021-08-04T15:53:36+00:00","dateModified":"2022-08-02T09:23:10+00:00","author":{"@id":"https:\/\/meigal.pt\/#\/schema\/person\/426b3777d43be0f759a441da580dcfe4"},"description":"Meigal apoia clientes e lan\u00e7a uma iniciativa de Ver\u00e3o que pretende atrair mais portugueses para a restaura\u00e7\u00e3o.","breadcrumb":{"@id":"https:\/\/meigal.pt\/a-meigal-lanca-campanha-de-apoio-ao-setor-da-restauracao\/#breadcrumb"},"inLanguage":"fr-FR","potentialAction":[{"@type":"ReadAction","target":["https:\/\/meigal.pt\/a-meigal-lanca-campanha-de-apoio-ao-setor-da-restauracao\/"]}]},{"@type":"ImageObject","inLanguage":"fr-FR","@id":"https:\/\/meigal.pt\/a-meigal-lanca-campanha-de-apoio-ao-setor-da-restauracao\/#primaryimage","url":"https:\/\/meigal.pt\/wp-content\/uploads\/2021\/08\/r5a7694_optimized-e1628092739202.jpg","contentUrl":"https:\/\/meigal.pt\/wp-content\/uploads\/2021\/08\/r5a7694_optimized-e1628092739202.jpg","width":1281,"height":1281},{"@type":"BreadcrumbList","@id":"https:\/\/meigal.pt\/a-meigal-lanca-campanha-de-apoio-ao-setor-da-restauracao\/#breadcrumb","itemListElement":[{"@type":"ListItem","position":1,"name":"In\u00edcio","item":"https:\/\/meigal.pt\/"},{"@type":"ListItem","position":2,"name":"Meigal lan\u00e7a campanha de apoio ao setor da restaura\u00e7\u00e3o"}]},{"@type":"WebSite","@id":"https:\/\/meigal.pt\/#website","url":"https:\/\/meigal.pt\/","name":"Meigal","description":"Distribuidor de produtos alimentares","potentialAction":[{"@type":"SearchAction","target":{"@type":"EntryPoint","urlTemplate":"https:\/\/meigal.pt\/?s={search_term_string}"},"query-input":{"@type":"PropertyValueSpecification","valueRequired":true,"valueName":"search_term_string"}}],"inLanguage":"fr-FR"},{"@type":"Person","@id":"https:\/\/meigal.pt\/#\/schema\/person\/426b3777d43be0f759a441da580dcfe4","name":"Meigal","image":{"@type":"ImageObject","inLanguage":"fr-FR","@id":"https:\/\/meigal.pt\/#\/schema\/person\/image\/","url":"https:\/\/secure.gravatar.com\/avatar\/52f86c5f514170f4fbe357db6da46197?s=96&d=mm&r=g","contentUrl":"https:\/\/secure.gravatar.com\/avatar\/52f86c5f514170f4fbe357db6da46197?s=96&d=mm&r=g","caption":"Meigal"},"url":"https:\/\/meigal.pt\/fr\/author\/meigal\/"}]}},"_links":{"self":[{"href":"https:\/\/meigal.pt\/fr\/wp-json\/wp\/v2\/posts\/24902","targetHints":{"allow":["GET"]}}],"collection":[{"href":"https:\/\/meigal.pt\/fr\/wp-json\/wp\/v2\/posts"}],"about":[{"href":"https:\/\/meigal.pt\/fr\/wp-json\/wp\/v2\/types\/post"}],"author":[{"embeddable":true,"href":"https:\/\/meigal.pt\/fr\/wp-json\/wp\/v2\/users\/12"}],"replies":[{"embeddable":true,"href":"https:\/\/meigal.pt\/fr\/wp-json\/wp\/v2\/comments?post=24902"}],"version-history":[{"count":6,"href":"https:\/\/meigal.pt\/fr\/wp-json\/wp\/v2\/posts\/24902\/revisions"}],"predecessor-version":[{"id":25506,"href":"https:\/\/meigal.pt\/fr\/wp-json\/wp\/v2\/posts\/24902\/revisions\/25506"}],"wp:featuredmedia":[{"embeddable":true,"href":"https:\/\/meigal.pt\/fr\/wp-json\/wp\/v2\/media\/24904"}],"wp:attachment":[{"href":"https:\/\/meigal.pt\/fr\/wp-json\/wp\/v2\/media?parent=24902"}],"wp:term":[{"taxonomy":"category","embeddable":true,"href":"https:\/\/meigal.pt\/fr\/wp-json\/wp\/v2\/categories?post=24902"},{"taxonomy":"post_tag","embeddable":true,"href":"https:\/\/meigal.pt\/fr\/wp-json\/wp\/v2\/tags?post=24902"}],"curies":[{"name":"wp","href":"https:\/\/api.w.org\/{rel}","templated":true}]}}